{"id":143,"date":"2022-10-12T16:34:55","date_gmt":"2022-10-12T16:34:55","guid":{"rendered":"https:\/\/kulmhof.gis.stronazen.pl\/?p=143"},"modified":"2023-01-18T16:35:42","modified_gmt":"2023-01-18T16:35:42","slug":"wystawa-zdjec-niemieckie-obozy-dzialajace-na-ziemiach-polski-w-latach-1939-1945-zdjecia-i-materialy-z-badan","status":"publish","type":"post","link":"https:\/\/kulmhof.gis.stronazen.pl\/index.php\/2022\/10\/12\/wystawa-zdjec-niemieckie-obozy-dzialajace-na-ziemiach-polski-w-latach-1939-1945-zdjecia-i-materialy-z-badan\/","title":{"rendered":"Wystawa zdj\u0119\u0107: Niemieckie obozy dzia\u0142aj\u0105ce na ziemiach Polski w latach 1939-1945 \u2013 zdj\u0119cia i materia\u0142y z bada\u0144"},"content":{"rendered":"\n<p>W ramach 26. Festiwalu Nauki na Wydziale Geodezji i Kartografii PW zorganizowano w dniach 23-30 wrze\u015bnia 2022 roku wystaw\u0119 pt. &#8222;Niemieckie obozy dzia\u0142aj\u0105ce na ziemiach Polski w latach 1939-1945 \u2013 zdj\u0119cia i materia\u0142y z bada\u0144&#8221;. Przedsi\u0119wzi\u0119cie zorganizowa\u0142 dr. in\u017c. Sebastian R\u00f3\u017cycki. Na wystawie mo\u017cna by\u0142o ogl\u0105da\u0107 zdj\u0119cia wykonane podczas bada\u0144 terenowych i bada\u0144 archeologicznych prowadzonych w latach 2018 \u2013 2022 i finansowanych przez Ministerstwo Kultury i Dziedzictwa Narodowego.<\/p>\n\n\n<div class=\"wp-block-image\">\n<figure class=\"aligncenter size-full\"><img decoding=\"async\" loading=\"lazy\" width=\"605\" height=\"338\" src=\"https:\/\/kulmhof.gis.stronazen.pl\/wp-content\/uploads\/2023\/01\/obraz.png\" alt=\"\" class=\"wp-image-144\" srcset=\"https:\/\/kulmhof.gis.stronazen.pl\/wp-content\/uploads\/2023\/01\/obraz.png 605w, https:\/\/kulmhof.gis.stronazen.pl\/wp-content\/uploads\/2023\/01\/obraz-300x168.png 300w\" sizes=\"(max-width: 605px) 100vw, 605px\" \/><\/figure><\/div>\n\n<div class=\"wp-block-image\">\n<figure class=\"aligncenter size-full\"><img decoding=\"async\" loading=\"lazy\" width=\"605\" height=\"334\" src=\"https:\/\/kulmhof.gis.stronazen.pl\/wp-content\/uploads\/2023\/01\/obraz-1.png\" alt=\"\" class=\"wp-image-145\" srcset=\"https:\/\/kulmhof.gis.stronazen.pl\/wp-content\/uploads\/2023\/01\/obraz-1.png 605w, https:\/\/kulmhof.gis.stronazen.pl\/wp-content\/uploads\/2023\/01\/obraz-1-300x166.png 300w\" sizes=\"(max-width: 605px) 100vw, 605px\" \/><\/figure><\/div>\n\n<div class=\"wp-block-image\">\n<figure class=\"aligncenter size-full\"><img decoding=\"async\" loading=\"lazy\" width=\"605\" height=\"345\" src=\"https:\/\/kulmhof.gis.stronazen.pl\/wp-content\/uploads\/2023\/01\/obraz-2.png\" alt=\"\" class=\"wp-image-146\" srcset=\"https:\/\/kulmhof.gis.stronazen.pl\/wp-content\/uploads\/2023\/01\/obraz-2.png 605w, https:\/\/kulmhof.gis.stronazen.pl\/wp-content\/uploads\/2023\/01\/obraz-2-300x171.png 300w\" sizes=\"(max-width: 605px) 100vw, 605px\" \/><\/figure><\/div>","protected":false},"excerpt":{"rendered":"<p>W ramach 26. Festiwalu Nauki na Wydziale Geodezji i Kartografii PW zorganizowano w dniach 23-30 wrze\u015bnia 2022 roku wystaw\u0119 pt. &#8222;Niemieckie obozy<\/p>\n<p class=\"link-more\"><a class=\"myButt \" href=\"https:\/\/kulmhof.gis.stronazen.pl\/index.php\/2022\/10\/12\/wystawa-zdjec-niemieckie-obozy-dzialajace-na-ziemiach-polski-w-latach-1939-1945-zdjecia-i-materialy-z-badan\/\">Read More<\/a><\/p>\n","protected":false},"author":1,"featured_media":0,"comment_status":"closed","ping_status":"closed","sticky":false,"template":"","format":"standard","meta":{"footnotes":""},"categories":[1],"tags":[],"_links":{"self":[{"href":"https:\/\/kulmhof.gis.stronazen.pl\/index.php\/wp-json\/wp\/v2\/posts\/143"}],"collection":[{"href":"https:\/\/kulmhof.gis.stronazen.pl\/index.php\/wp-json\/wp\/v2\/posts"}],"about":[{"href":"https:\/\/kulmhof.gis.stronazen.pl\/index.php\/wp-json\/wp\/v2\/types\/post"}],"author":[{"embeddable":true,"href":"https:\/\/kulmhof.gis.stronazen.pl\/index.php\/wp-json\/wp\/v2\/users\/1"}],"replies":[{"embeddable":true,"href":"https:\/\/kulmhof.gis.stronazen.pl\/index.php\/wp-json\/wp\/v2\/comments?post=143"}],"version-history":[{"count":1,"href":"https:\/\/kulmhof.gis.stronazen.pl\/index.php\/wp-json\/wp\/v2\/posts\/143\/revisions"}],"predecessor-version":[{"id":147,"href":"https:\/\/kulmhof.gis.stronazen.pl\/index.php\/wp-json\/wp\/v2\/posts\/143\/revisions\/147"}],"wp:attachment":[{"href":"https:\/\/kulmhof.gis.stronazen.pl\/index.php\/wp-json\/wp\/v2\/media?parent=143"}],"wp:term":[{"taxonomy":"category","embeddable":true,"href":"https:\/\/kulmhof.gis.stronazen.pl\/index.php\/wp-json\/wp\/v2\/categories?post=143"},{"taxonomy":"post_tag","embeddable":true,"href":"https:\/\/kulmhof.gis.stronazen.pl\/index.php\/wp-json\/wp\/v2\/tags?post=143"}],"curies":[{"name":"wp","href":"https:\/\/api.w.org\/{rel}","templated":true}]}}